{"id":2982,"date":"2026-04-28T16:24:43","date_gmt":"2026-04-28T16:24:43","guid":{"rendered":"https:\/\/concejodeliberanteag.gob.ar\/nuevo\/?p=2982"},"modified":"2026-04-28T16:28:27","modified_gmt":"2026-04-28T16:28:27","slug":"orden-del-dia-29-de-abril-2026","status":"publish","type":"post","link":"https:\/\/concejodeliberanteag.gob.ar\/nuevo\/orden-del-dia-29-de-abril-2026\/","title":{"rendered":"ORDEN DEL\u00a0D\u00cdA 29 DE ABRIL 2026"},"content":{"rendered":"\n<ul class=\"wp-block-list\">\n<li>Lectura y Aprobaci\u00f3n del&nbsp; Acta de la Sesi\u00f3n Ordinaria del d\u00eda 08 de abril de 2026.-<\/li>\n<\/ul>\n\n\n\n<p><strong>ASUNTOS ENTRADOS<\/strong>:<\/p>\n\n\n\n<ul class=\"wp-block-list\">\n<li>Expediente N\u00b01315\/08 &#8211; Eximici\u00f3n Tasa Propiedad.-<\/li>\n<\/ul>\n\n\n\n<ul class=\"wp-block-list\">\n<li>Expediente N\u00b0393\/18 \u2013 Eximici\u00f3n Tasa Propiedad.-<\/li>\n<\/ul>\n\n\n\n<ul class=\"wp-block-list\">\n<li>Expediente N\u00b0643\/20 \u2013 Eximici\u00f3n Tasa Propiedad.-<\/li>\n<\/ul>\n\n\n\n<ul class=\"wp-block-list\">\n<li>Expediente N\u00b01465\/20 \u2013 Eximicion Tasa Propiedad.-<\/li>\n<\/ul>\n\n\n\n<ul class=\"wp-block-list\">\n<li>Expediente N\u00b0405\/22 \u2013 Eximici\u00f3n Deuda Tasa Propiedad.-<\/li>\n<\/ul>\n\n\n\n<ul class=\"wp-block-list\">\n<li>Expediente N\u00b01312\/22 \u2013 Eximici\u00f3n Deuda Cosag.-<\/li>\n<\/ul>\n\n\n\n<ul class=\"wp-block-list\">\n<li>Expediente N\u00b0778\/22 \u2013 Eximici\u00f3n Tasa la Propiedad.-<\/li>\n<\/ul>\n\n\n\n<ul class=\"wp-block-list\">\n<li>Expediente N\u00b02078\/25 \u2013 Eximici\u00f3n Tasa a la Propiedad.-<\/li>\n<\/ul>\n\n\n\n<ul class=\"wp-block-list\">\n<li>Expediente N\u00b01586\/24 \u2013 Eximici\u00f3n Deuda Tasa Propiedad.-<\/li>\n<\/ul>\n\n\n\n<ul class=\"wp-block-list\">\n<li>&nbsp;Expediente N\u00b01996\/25 \u2013 Eximici\u00f3n Tasa Propiedad y Cosag.-<\/li>\n<\/ul>\n\n\n\n<ul class=\"wp-block-list\">\n<li>&nbsp;Expediente N\u00b074\/26 \u2013 Eximici\u00f3n Tasa Propiedad.-<\/li>\n<\/ul>\n\n\n\n<ul class=\"wp-block-list\">\n<li>&nbsp;Expediente N\u00b0144\/19 \u2013 Eximici\u00f3n Tasa Propiedad.-<\/li>\n<\/ul>\n\n\n\n<ul class=\"wp-block-list\">\n<li>&nbsp;Expediente N\u00b0479\/25 \u2013 Eximici\u00f3n Tasa Propiedad.-<\/li>\n<\/ul>\n\n\n\n<ul class=\"wp-block-list\">\n<li>&nbsp;Expediente N\u00b01578\/25 \u2013 Eximici\u00f3n Tasa Propiedad.-<\/li>\n<\/ul>\n\n\n\n<ul class=\"wp-block-list\">\n<li>&nbsp;Expediente N\u00b0207\/26 \u2013 Eximici\u00f3n Traslado y Estad\u00eda de Moto.-<\/li>\n<\/ul>\n\n\n\n<ul class=\"wp-block-list\">\n<li>&nbsp;Expediente N\u00b01499\/25 \u2013 Eximici\u00f3n Traslado Motovehiculo.-<\/li>\n<\/ul>\n\n\n\n<ul class=\"wp-block-list\">\n<li>&nbsp;Expediente N\u00b0332\/26 \u2013 Eximici\u00f3n Multa por Malezas.-<\/li>\n<\/ul>\n\n\n\n<ul class=\"wp-block-list\">\n<li>&nbsp;Expediente N\u00b0618\/26 \u2013 Eximici\u00f3n de Deuda.-<\/li>\n<\/ul>\n\n\n\n<ul class=\"wp-block-list\">\n<li>&nbsp;Expediente N\u00b0706\/18 \u2013 Descuento Jubilado.-<\/li>\n<\/ul>\n\n\n\n<ul class=\"wp-block-list\">\n<li>&nbsp;Expediente N\u00b0126\/26 \u2013 Previa.-<\/li>\n<\/ul>\n\n\n\n<ul class=\"wp-block-list\">\n<li>&nbsp;Expediente N\u00b02276\/25 \u2013 Habilitaci\u00f3n Comercial.-<\/li>\n<\/ul>\n\n\n\n<ul class=\"wp-block-list\">\n<li>&nbsp;Expediente N\u00b02275\/25 \u2013 Habilitaci\u00f3n Comercial.-<\/li>\n<\/ul>\n\n\n\n<ul class=\"wp-block-list\">\n<li>&nbsp;Expediente N\u00b0548\/26 \u2013 Donaci\u00f3n de Parcelas.-<\/li>\n<\/ul>\n\n\n\n<ul class=\"wp-block-list\">\n<li>&nbsp;Expediente N\u00b0386\/I\/26 \u2013 Dir. De Turismo y Cultura \u2013 Ref.: Eximici\u00f3n de Pago por Derecho de Espect\u00e1culo.-<\/li>\n<\/ul>\n\n\n\n<ul class=\"wp-block-list\">\n<li>Proyecto de Resoluci\u00f3n presentado por el Bloque Alta Gracia Cambia, Bloque Hacemos Unidos por C\u00f3rdoba y Bloque Juntos por Alta Gracia&nbsp; \u2013 Ref.: Declarar de Inter\u00e9s Municipal el evento <strong>\u201c<\/strong>Desaf\u00edo Cubero Alta Gracia 2026\u201d.-<\/li>\n<\/ul>\n\n\n\n<p><strong><u>DESPACHOS DE COMISIONES<\/u><\/strong>:&nbsp;&nbsp;&nbsp;<\/p>\n\n\n\n<ol style=\"list-style-type:lower-alpha\" class=\"wp-block-list\">\n<li>Comisi\u00f3n de Hacienda.<\/li>\n<\/ol>\n\n\n\n<p>&nbsp;&nbsp; b. Comisi\u00f3n de Obras y Servicios P\u00fablicos.&nbsp;&nbsp;<\/p>\n\n\n\n<p>c. Comisi\u00f3n de Legislaci\u00f3n General.<\/p>\n\n\n\n<p>d. Comisi\u00f3n de Asuntos Ambientales y Salud.<\/p>\n\n\n\n<p>e. Comisi\u00f3n de Cultura, Turismo y Deporte.<\/p>\n\n\n\n<p>f. Concejo en Comisi\u00f3n.<\/p>\n\n\n\n<p><strong>3) VARIOS:<\/strong><\/p>\n\n\n\n<ul class=\"wp-block-list\">\n<li>&nbsp;Nota presentada al Honorable Concejo Deliberante por el Sr. Alfredo Mart\u00edn Stefanini \u2013 Ref.: Para identificar una construcci\u00f3n que no cumpli\u00f3 con el retiro correspondiente de 3Mts, con un expediente iniciado en la municipalidad 2684\/2017.-<\/li>\n<\/ul>\n\n\n\n<ul class=\"wp-block-list\">\n<li>Nota presentada al Honorable Concejo Deliberante por el Sr. Biagini Patricio \u2013 Ref.: Solicitud de extensi\u00f3n horaria.-<\/li>\n<\/ul>\n\n\n\n<ul class=\"wp-block-list\">\n<li>Nota presentada al Honorable Concejo Deliberante por la Sra. Adelina Coda \u2013 Ref.: Propuesta de ordenanza.-<\/li>\n<\/ul>\n","protected":false},"excerpt":{"rendered":"<p>ASUNTOS ENTRADOS: DESPACHOS DE COMISIONES:&nbsp;&nbsp;&nbsp; &nbsp;&nbsp; b. Comisi\u00f3n de Obras y Servicios P\u00fablicos.&nbsp;&nbsp; c. Comisi\u00f3n de Legislaci\u00f3n General. d. Comisi\u00f3n de Asuntos Ambientales y Salud. e. Comisi\u00f3n de Cultura, Turismo y Deporte. f. Concejo en Comisi\u00f3n. 3) VARIOS:<\/p>\n","protected":false},"author":2,"featured_media":0,"comment_status":"open","ping_status":"open","sticky":false,"template":"","format":"standard","meta":{"site-sidebar-layout":"default","site-content-layout":"","ast-site-content-layout":"default","site-content-style":"default","site-sidebar-style":"default","ast-global-header-display":"","ast-banner-title-visibility":"","ast-main-header-display":"","ast-hfb-above-header-display":"","ast-hfb-below-header-display":"","ast-hfb-mobile-header-display":"","site-post-title":"","ast-breadcrumbs-content":"","ast-featured-img":"","footer-sml-layout":"","theme-transparent-header-meta":"","adv-header-id-meta":"","stick-header-meta":"","header-above-stick-meta":"","header-main-stick-meta":"","header-below-stick-meta":"","astra-migrate-meta-layouts":"set","ast-page-background-enabled":"default","ast-page-background-meta":{"desktop":{"background-color":"","background-image":"","background-repeat":"repeat","background-position":"center center","background-size":"auto","background-attachment":"scroll","background-type":"","background-media":"","overlay-type":"","overlay-color":"","overlay-opacity":"","overlay-gradient":""},"tablet":{"background-color":"","background-image":"","background-repeat":"repeat","background-position":"center center","background-size":"auto","background-attachment":"scroll","background-type":"","background-media":"","overlay-type":"","overlay-color":"","overlay-opacity":"","overlay-gradient":""},"mobile":{"background-color":"","background-image":"","background-repeat":"repeat","background-position":"center center","background-size":"auto","background-attachment":"scroll","background-type":"","background-media":"","overlay-type":"","overlay-color":"","overlay-opacity":"","overlay-gradient":""}},"ast-content-background-meta":{"desktop":{"background-color":"var(--ast-global-color-5)","background-image":"","background-repeat":"repeat","background-position":"center center","background-size":"auto","background-attachment":"scroll","background-type":"","background-media":"","overlay-type":"","overlay-color":"","overlay-opacity":"","overlay-gradient":""},"tablet":{"background-color":"var(--ast-global-color-5)","background-image":"","background-repeat":"repeat","background-position":"center center","background-size":"auto","background-attachment":"scroll","background-type":"","background-media":"","overlay-type":"","overlay-color":"","overlay-opacity":"","overlay-gradient":""},"mobile":{"background-color":"var(--ast-global-color-5)","background-image":"","background-repeat":"repeat","background-position":"center center","background-size":"auto","background-attachment":"scroll","background-type":"","background-media":"","overlay-type":"","overlay-color":"","overlay-opacity":"","overlay-gradient":""}},"footnotes":""},"categories":[44],"tags":[],"class_list":["post-2982","post","type-post","status-publish","format-standard","hentry","category-orden"],"_links":{"self":[{"href":"https:\/\/concejodeliberanteag.gob.ar\/nuevo\/wp-json\/wp\/v2\/posts\/2982","targetHints":{"allow":["GET"]}}],"collection":[{"href":"https:\/\/concejodeliberanteag.gob.ar\/nuevo\/wp-json\/wp\/v2\/posts"}],"about":[{"href":"https:\/\/concejodeliberanteag.gob.ar\/nuevo\/wp-json\/wp\/v2\/types\/post"}],"author":[{"embeddable":true,"href":"https:\/\/concejodeliberanteag.gob.ar\/nuevo\/wp-json\/wp\/v2\/users\/2"}],"replies":[{"embeddable":true,"href":"https:\/\/concejodeliberanteag.gob.ar\/nuevo\/wp-json\/wp\/v2\/comments?post=2982"}],"version-history":[{"count":2,"href":"https:\/\/concejodeliberanteag.gob.ar\/nuevo\/wp-json\/wp\/v2\/posts\/2982\/revisions"}],"predecessor-version":[{"id":2984,"href":"https:\/\/concejodeliberanteag.gob.ar\/nuevo\/wp-json\/wp\/v2\/posts\/2982\/revisions\/2984"}],"wp:attachment":[{"href":"https:\/\/concejodeliberanteag.gob.ar\/nuevo\/wp-json\/wp\/v2\/media?parent=2982"}],"wp:term":[{"taxonomy":"category","embeddable":true,"href":"https:\/\/concejodeliberanteag.gob.ar\/nuevo\/wp-json\/wp\/v2\/categories?post=2982"},{"taxonomy":"post_tag","embeddable":true,"href":"https:\/\/concejodeliberanteag.gob.ar\/nuevo\/wp-json\/wp\/v2\/tags?post=2982"}],"curies":[{"name":"wp","href":"https:\/\/api.w.org\/{rel}","templated":true}]}}