{"id":2203,"date":"2024-06-27T13:45:34","date_gmt":"2024-06-27T13:45:34","guid":{"rendered":"https:\/\/concejodeliberanteag.gob.ar\/nuevo\/?p=2203"},"modified":"2024-06-27T13:45:35","modified_gmt":"2024-06-27T13:45:35","slug":"orden-del-dia-13-de-marzo-de-2024","status":"publish","type":"post","link":"https:\/\/concejodeliberanteag.gob.ar\/nuevo\/orden-del-dia-13-de-marzo-de-2024\/","title":{"rendered":"ORDEN DEL DIA 13 DE MARZO DE 2024"},"content":{"rendered":"\n<p><\/p>\n\n\n\n<p><strong><u>O R D E N&nbsp;&nbsp; D E L&nbsp;&nbsp; D \u00cd A<\/u><\/strong><\/p>\n\n\n\n<ul class=\"wp-block-list\">\n<li>Lectura y Aprobaci\u00f3n del Acta de la Sesion Ordinaria\u00a0 del\u00a0 d\u00eda\u00a0 01 de marzo de 2024.-\u00a0\u00a0\u00a0\u00a0\u00a0\u00a0\u00a0\u00a0\u00a0\u00a0\u00a0\u00a0\u00a0\u00a0\u00a0\u00a0<\/li>\n<\/ul>\n\n\n\n<ul class=\"wp-block-list\">\n<li><strong>ASUNTOS ENTRADOS<\/strong>:<\/li>\n<\/ul>\n\n\n\n<ul class=\"wp-block-list\">\n<li>Expediente N\u00b0453\/24 \u2013 Eximici\u00f3n Tasa Propiedad y Tasa por de Inspecci\u00f3n General e Higiene por Discapacidad.-<\/li>\n<\/ul>\n\n\n\n<ul class=\"wp-block-list\">\n<li>Expediente N\u00b0432\/24 \u2013 Autorizaci\u00f3n de Realizaci\u00f3n de Eventos Sal\u00f3n Avellaneda.-<\/li>\n<\/ul>\n\n\n\n<ul class=\"wp-block-list\">\n<li>Expediente N\u00ba 145\/I\/24 &#8211; Secretar\u00eda de Salud y Educaci\u00f3n \u2013 Ref.:Proyecto de Ordenanza : Emergencia Sanitaria y Social .-<\/li>\n<\/ul>\n\n\n\n<ul class=\"wp-block-list\">\n<li>Proyecto de Oedenanza presentado por el Bloque de Juntos por Alta Gracia \u2013 Ref.: Condiciones y Requisitos Inherentes a la Tramitaci\u00f3n, Gesti\u00f3n y Procuraci\u00f3n Judicial de Cobro del los Cr\u00e9ditos Fiscales de la Municipalidad de la Ciudad de Alta Gracia.-<\/li>\n<\/ul>\n\n\n\n<ul class=\"wp-block-list\">\n<li>Proyecto de Resoluci\u00f3n presentado por el Bloque de Hacemos Unidos por C\u00f3rdoba \u2013 Ref.:Declarar Benepl\u00e1cito\u00a0 a ATERYM ALTA GRACIA S.R.L\u00a0 por el reconocimiento obtenido por la Comisi\u00f3n Ejecutiva del ITAES (Instituto Tecnico de Acreditaci\u00f3n de Establecimiento de Salud) \u2013 Acreditaci\u00f3n Plena\u00a0 en Base a los Est\u00e1ndares y Metodolog\u00eda del Programa\u00a0 de Acreditaci\u00f3n\u00a0 de Centros Ambulatorios de Di\u00e1lisis Cr\u00f3nica.-<\/li>\n<\/ul>\n\n\n\n<ul class=\"wp-block-list\">\n<li>Proyecto de Resoluci\u00f3n presentado por el Bloque de Alta Gracia Cambia \u2013 Ref.: Reclamos Varios\u00a0 de los Vecinos de Barrio Tiro Federal.-<\/li>\n<\/ul>\n\n\n\n<ul class=\"wp-block-list\">\n<li>Pedido de Informe Presentado por el Bloque de Alta Gracia Cambia \u2013 Ref.: Parque Automotor y Maquinarias Municipales en\u00a0 Uso y Desuso.-<\/li>\n<\/ul>\n\n\n\n<p><strong><u>DESPACHOS DE COMISIONES<\/u><\/strong>:&nbsp;&nbsp;&nbsp;<\/p>\n\n\n\n<ol class=\"wp-block-list\" style=\"list-style-type:lower-alpha\">\n<li>Comisi\u00f3n de Hacienda.<\/li>\n<\/ol>\n\n\n\n<p>&nbsp;&nbsp; b. Comisi\u00f3n de Obras y Servicios P\u00fablicos.&nbsp;&nbsp;<\/p>\n\n\n\n<p>c. Comisi\u00f3n de Legislaci\u00f3n General.<\/p>\n\n\n\n<p>d. Comisi\u00f3n de Asuntos Ambientales y Salud.<\/p>\n\n\n\n<p>e. Comisi\u00f3n de Cultura, Turismo y Deporte.<\/p>\n\n\n\n<p>f. Concejo en Comisi\u00f3n.<\/p>\n\n\n\n<p><strong>3) VARIOS:<\/strong><\/p>\n\n\n\n<ul class=\"wp-block-list\">\n<li>\u00a0Nota presentada por el Sr. Gom\u00e9z Juan para adjuntar al expediente N\u00ba 1945\/12 &#8211; Ref: Eximici\u00f3n Tasa Propiedad.-<\/li>\n<\/ul>\n\n\n\n<ul class=\"wp-block-list\">\n<li>Nota presentada por el Sr. Martinez Carlos \u00a0para adjuntar al expediente N\u00ba 95\/16 &#8211; Ref: Eximici\u00f3n Tasa Propiedad.-<\/li>\n<\/ul>\n\n\n\n<ul class=\"wp-block-list\">\n<li>Nota presentada por la Sra. Sanchez Patricia para adjuntar al expediente N\u00ba 1468\/22 &#8211; Ref: Eximici\u00f3n Tasa Cementerio.<\/li>\n<\/ul>\n\n\n\n<ul class=\"wp-block-list\">\n<li>Nota presentada al Honorable Concejo Deliberante por Integrantes del Consejo del Vecino \u2013 Ref.: Propuesta de Proyecto \u2013 Modificaci\u00f3n Ordenanza N\u00ba4924 Consejo del Vecino.-<\/li>\n<\/ul>\n\n\n\n<ul class=\"wp-block-list\">\n<li>Nota presentada al Honorable Concejo Deliberante por la Sra. Liliana Heredia en Representaci\u00f3n de Choferes y Operadores del Servicio de Remis y Taxis de la Ciudad de Alta Gracia \u2013 Ref.: Solicitan trabajo en Conjunto en base a nuevas Ordenanzas.-<\/li>\n<\/ul>\n","protected":false},"excerpt":{"rendered":"<p>O R D E N&nbsp;&nbsp; D E L&nbsp;&nbsp; D \u00cd A DESPACHOS DE COMISIONES:&nbsp;&nbsp;&nbsp; &nbsp;&nbsp; b. Comisi\u00f3n de Obras y Servicios P\u00fablicos.&nbsp;&nbsp; c. Comisi\u00f3n de Legislaci\u00f3n General. d. Comisi\u00f3n de Asuntos Ambientales y Salud. e. Comisi\u00f3n de Cultura, Turismo y Deporte. f. Concejo en Comisi\u00f3n. 3) VARIOS:<\/p>\n","protected":false},"author":2,"featured_media":0,"comment_status":"open","ping_status":"open","sticky":false,"template":"","format":"standard","meta":{"site-sidebar-layout":"default","site-content-layout":"","ast-site-content-layout":"default","site-content-style":"default","site-sidebar-style":"default","ast-global-header-display":"","ast-banner-title-visibility":"","ast-main-header-display":"","ast-hfb-above-header-display":"","ast-hfb-below-header-display":"","ast-hfb-mobile-header-display":"","site-post-title":"","ast-breadcrumbs-content":"","ast-featured-img":"","footer-sml-layout":"","theme-transparent-header-meta":"","adv-header-id-meta":"","stick-header-meta":"","header-above-stick-meta":"","header-main-stick-meta":"","header-below-stick-meta":"","astra-migrate-meta-layouts":"set","ast-page-background-enabled":"default","ast-page-background-meta":{"desktop":{"background-color":"","background-image":"","background-repeat":"repeat","background-position":"center center","background-size":"auto","background-attachment":"scroll","background-type":"","background-media":"","overlay-type":"","overlay-color":"","overlay-opacity":"","overlay-gradient":""},"tablet":{"background-color":"","background-image":"","background-repeat":"repeat","background-position":"center center","background-size":"auto","background-attachment":"scroll","background-type":"","background-media":"","overlay-type":"","overlay-color":"","overlay-opacity":"","overlay-gradient":""},"mobile":{"background-color":"","background-image":"","background-repeat":"repeat","background-position":"center center","background-size":"auto","background-attachment":"scroll","background-type":"","background-media":"","overlay-type":"","overlay-color":"","overlay-opacity":"","overlay-gradient":""}},"ast-content-background-meta":{"desktop":{"background-color":"var(--ast-global-color-5)","background-image":"","background-repeat":"repeat","background-position":"center center","background-size":"auto","background-attachment":"scroll","background-type":"","background-media":"","overlay-type":"","overlay-color":"","overlay-opacity":"","overlay-gradient":""},"tablet":{"background-color":"var(--ast-global-color-5)","background-image":"","background-repeat":"repeat","background-position":"center center","background-size":"auto","background-attachment":"scroll","background-type":"","background-media":"","overlay-type":"","overlay-color":"","overlay-opacity":"","overlay-gradient":""},"mobile":{"background-color":"var(--ast-global-color-5)","background-image":"","background-repeat":"repeat","background-position":"center center","background-size":"auto","background-attachment":"scroll","background-type":"","background-media":"","overlay-type":"","overlay-color":"","overlay-opacity":"","overlay-gradient":""}},"footnotes":""},"categories":[44],"tags":[],"class_list":["post-2203","post","type-post","status-publish","format-standard","hentry","category-orden"],"_links":{"self":[{"href":"https:\/\/concejodeliberanteag.gob.ar\/nuevo\/wp-json\/wp\/v2\/posts\/2203","targetHints":{"allow":["GET"]}}],"collection":[{"href":"https:\/\/concejodeliberanteag.gob.ar\/nuevo\/wp-json\/wp\/v2\/posts"}],"about":[{"href":"https:\/\/concejodeliberanteag.gob.ar\/nuevo\/wp-json\/wp\/v2\/types\/post"}],"author":[{"embeddable":true,"href":"https:\/\/concejodeliberanteag.gob.ar\/nuevo\/wp-json\/wp\/v2\/users\/2"}],"replies":[{"embeddable":true,"href":"https:\/\/concejodeliberanteag.gob.ar\/nuevo\/wp-json\/wp\/v2\/comments?post=2203"}],"version-history":[{"count":1,"href":"https:\/\/concejodeliberanteag.gob.ar\/nuevo\/wp-json\/wp\/v2\/posts\/2203\/revisions"}],"predecessor-version":[{"id":2204,"href":"https:\/\/concejodeliberanteag.gob.ar\/nuevo\/wp-json\/wp\/v2\/posts\/2203\/revisions\/2204"}],"wp:attachment":[{"href":"https:\/\/concejodeliberanteag.gob.ar\/nuevo\/wp-json\/wp\/v2\/media?parent=2203"}],"wp:term":[{"taxonomy":"category","embeddable":true,"href":"https:\/\/concejodeliberanteag.gob.ar\/nuevo\/wp-json\/wp\/v2\/categories?post=2203"},{"taxonomy":"post_tag","embeddable":true,"href":"https:\/\/concejodeliberanteag.gob.ar\/nuevo\/wp-json\/wp\/v2\/tags?post=2203"}],"curies":[{"name":"wp","href":"https:\/\/api.w.org\/{rel}","templated":true}]}}